[{"command":"insert","method":"replaceWith","selector":"#popin_iframe_covid","data":"\u003Cdiv id=\u0022popin_iframe_covid\u0022 class=\u0022popin-iframe-appli-covid\u0022\u003E\n\u003Carticle class=\u0022appli-covid-detail\u0022\u003E\n  \u003Cdiv class=\u0022bg-green3 wrapper-back\u0022\u003E\n    \u003Cbutton type=\u0022button\u0022 class=\u0022btn-back\u0022 id=\u0022btn-back-appli-covid\u0022\u003E\u003Ci class=\u0022icon-arrow\u0022\u003E\u003C\/i\u003E\u003Cspan class=\u0022sr-only\u0022\u003EFerm\u00e9\u003C\/span\u003E\u003C\/button\u003E\n  \u003C\/div\u003E\n  \u003Cdiv class=\u0022appli-covid-header\u0022\u003E\n    \u003Cdiv class=\u0022wrapper-img\u0022\u003E\n              \n            \u003Cdiv\u003E  \u003Cdiv\u003E\n      \n    \n  \u003Cdiv\u003E\n    \u003Cdiv class=\u0022visually-hidden\u0022\u003EImage\u003C\/div\u003E\n              \u003Cdiv\u003E  \u003Cimg src=\u0022\/sites\/default\/files\/assets\/images\/inu_0_0.gif\u0022 width=\u0022500\u0022 height=\u0022500\u0022 alt=\u0022\u0022 loading=\u0022lazy\u0022 \/\u003E\n\n\u003C\/div\u003E\n          \u003C\/div\u003E\n\n  \u003C\/div\u003E\n\u003C\/div\u003E\n      \n          \u003C\/div\u003E\n    \u003Cdiv class=\u0022content-txt\u0022\u003E\n      \u003Ch2 class=\u0022appli-covid-title\u0022\u003EINU\u003C\/h2\u003E\n      \u003Cdiv class=\u0022desc\u0022\u003E\n        \n            \u003Cdiv\u003E\u003Cp\u003EDans le cadre de l\u0027\u00e9pid\u00e9mie COVID 19 : INU est un outil de t\u00e9l\u00e9surveillance de patients malades non hospitalis\u00e9s\u0026nbsp;\u003Cbr\u003E\u003Cbr \/\u003E\nINU est une plateforme web collaborative permettant d\u0027organiser le suivi et l\u0027accompagnement de patients atteints de pathologies lourdes ou chroniques. A destination des professionnels et des patients, INU permet d\u0027\u00e9changer, d\u0027alerter, de partager de l\u0027information, de pr\u00e9venir et de d\u00e9pister.\u003C\/p\u003E\n\u003C\/div\u003E\n      \n      \u003C\/div\u003E\n      \u003Cul class=\u0022resetul\u0022\u003E\n        \u003Cli\u003E\n          \u003Cspan class=\u0022section-label\u0022\u003EEditeur : \u003C\/span\u003E\n          Move In Med\n        \u003C\/li\u003E\n        \u003Cli\u003E\n          \u003Cspan class=\u0022section-label\u0022\u003EType de structure : \u003C\/span\u003E\n          \n            \u003Cdiv\u003EEntreprise\u003C\/div\u003E\n      \n        \u003C\/li\u003E\n        \u003Cli\u003E\n          \u003Ca href=\u0022https:\/\/www.moveinmed.com\u0022 target=\u0022_blank\u0022 class=\u0022link\u0022\u003ESite internet\u003C\/a\u003E\n        \u003C\/li\u003E\n      \u003C\/ul\u003E\n    \u003C\/div\u003E\n  \u003C\/div\u003E\n  \u003Cdiv class=\u0022appli-covid-content\u0022\u003E\n    \u003Col class=\u0022resetul section\u0022\u003E\n              \u003Cli\u003E\n          \u003Ch3 class=\u0022section-title\u0022\u003E1. Caract\u00e9ristiques\u003C\/h3\u003E\n          \u003Cul class=\u0022resetul subsection\u0022\u003E\n                          \n              \n                                          \u003Cli\u003E\n                  \u003Cspan class=\u0022subsection-label\u0022\u003EImplantation : \u003C\/span\u003E\n                  National\n                \u003C\/li\u003E\n              \n              \n                                          \u003Cli\u003E\n                  \u003Cspan class=\u0022subsection-label\u0022\u003EApplication r\u00e9f\u00e9renc\u00e9e dans le cadre d\u0026#039;un programme public : \u003C\/span\u003E\n                  Oui\n                \u003C\/li\u003E\n              \n              \n                                          \u003Cli\u003E\n                  \u003Cspan class=\u0022subsection-label\u0022\u003EMod\u00e8le \u00e9conomique : \u003C\/span\u003E\n                  Abonnements\n                \u003C\/li\u003E\n              \n              \n                      \u003C\/ul\u003E\n        \u003C\/li\u003E\n              \u003Cli\u003E\n          \u003Ch3 class=\u0022section-title\u0022\u003E2. Facilit\u00e9 d\u0026#039;installation\u003C\/h3\u003E\n          \u003Cul class=\u0022resetul subsection\u0022\u003E\n                          \n                              \u003Cli\u003E\n                  \u003Cspan class=\u0022subsection-label\u0022\u003EGratuit pendant la crise du Covid-19  \u003C\/span\u003E\n                \u003C\/li\u003E\n              \n                          \n                              \u003Cli\u003E\n                  \u003Cspan class=\u0022subsection-label\u0022\u003EGratuit pour les professionnels pendant la crise Covid-19  \u003C\/span\u003E\n                \u003C\/li\u003E\n              \n                                          \u003Cli\u003E\n                  \u003Cspan class=\u0022subsection-label\u0022\u003EService r\u00e9f\u00e9renc\u00e9 \u00e0 une centrale d\u0026#039;achat : \u003C\/span\u003E\n                  Oui\n                \u003C\/li\u003E\n              \n              \n                                          \u003Cli\u003E\n                  \u003Cspan class=\u0022subsection-label\u0022\u003EN\u00e9cessite d\u0026#039;\u00eatre int\u00e9gr\u00e9 au logiciel existant : \u003C\/span\u003E\n                  Oui\n                \u003C\/li\u003E\n              \n              \n                          \n                              \u003Cli\u003E\n                  \u003Cspan class=\u0022subsection-label\u0022\u003EINU est une solution web commercialis\u00e9e en mode SaaS  \u003C\/span\u003E\n                \u003C\/li\u003E\n              \n                                          \u003Cli\u003E\n                  \u003Cspan class=\u0022subsection-label\u0022\u003EService client gratuit et facilement accessible : \u003C\/span\u003E\n                  Oui\n                \u003C\/li\u003E\n              \n              \n                      \u003C\/ul\u003E\n        \u003C\/li\u003E\n              \u003Cli\u003E\n          \u003Ch3 class=\u0022section-title\u0022\u003E3. S\u00e9curisation\u003C\/h3\u003E\n          \u003Cul class=\u0022resetul subsection\u0022\u003E\n                                          \u003Cli\u003E\n                  \u003Cspan class=\u0022subsection-label\u0022\u003EQualification par l\u0026#039;ANSSI : \u003C\/span\u003E\n                  Non, en cours\n                \u003C\/li\u003E\n              \n              \n                                          \u003Cli\u003E\n                  \u003Cspan class=\u0022subsection-label\u0022\u003ECertification HDS : \u003C\/span\u003E\n                  Oui\n                \u003C\/li\u003E\n              \n              \n                                          \u003Cli\u003E\n                  \u003Cspan class=\u0022subsection-label\u0022\u003EInt\u00e9gration de la messagerie \u00e0 l\u0026#039;espace de confiance MSS : \u003C\/span\u003E\n                  Oui\n                \u003C\/li\u003E\n              \n              \n                                          \u003Cli\u003E\n                  \u003Cspan class=\u0022subsection-label\u0022\u003EDispositif m\u00e9dical respectant la r\u00e9glementation en vigueur : \u003C\/span\u003E\n                  Non, en cours\n                \u003C\/li\u003E\n              \n              \n                                          \u003Cli\u003E\n                  \u003Cspan class=\u0022subsection-label\u0022\u003EV\u00e9rification du droit d\u0026#039;exercice des soignants ou structures : \u003C\/span\u003E\n                  Oui\n                \u003C\/li\u003E\n              \n              \n                                          \u003Cli\u003E\n                  \u003Cspan class=\u0022subsection-label\u0022\u003EImpl\u00e9mentation de l\u0026#039;INS pr\u00e9vu en 2020 : \u003C\/span\u003E\n                  Oui\n                \u003C\/li\u003E\n              \n              \n                                          \u003Cli\u003E\n                  \u003Cspan class=\u0022subsection-label\u0022\u003EAssurance RC Professionnelle : \u003C\/span\u003E\n                  Oui\n                \u003C\/li\u003E\n              \n              \n                                          \u003Cli\u003E\n                  \u003Cspan class=\u0022subsection-label\u0022\u003EEn termes de responsabilit\u00e9 du traitement de donn\u00e9es \u00e0 caract\u00e8re personnel, agissez vous en tant que sous-traitant, co-traitant ou responsable ? : \u003C\/span\u003E\n                  Non\n                \u003C\/li\u003E\n              \n              \n                                          \u003Cli\u003E\n                  \u003Cspan class=\u0022subsection-label\u0022\u003EIdentification du patient incluant au moins deux facteurs : \u003C\/span\u003E\n                  Oui\n                \u003C\/li\u003E\n              \n              \n                                          \u003Cli\u003E\n                  \u003Cspan class=\u0022subsection-label\u0022\u003EIdentification du professionnel incluant au moins deux facteurs ou CPS\/eCPS : \u003C\/span\u003E\n                  Oui\n                \u003C\/li\u003E\n              \n              \n                                          \u003Cli\u003E\n                  \u003Cspan class=\u0022subsection-label\u0022\u003ELe service a fait l\u0026#039;objet d\u0026#039;une analyse des risques document\u00e9e : \u003C\/span\u003E\n                  Oui\n                \u003C\/li\u003E\n              \n              \n                      \u003C\/ul\u003E\n        \u003C\/li\u003E\n              \u003Cli\u003E\n          \u003Ch3 class=\u0022section-title\u0022\u003E4. T\u00e9l\u00e9sant\u00e9\u003C\/h3\u003E\n          \u003Cul class=\u0022resetul subsection\u0022\u003E\n                                          \u003Cli\u003E\n                  \u003Cspan class=\u0022subsection-label\u0022\u003EVid\u00e9otransmission entre patient et soignant : \u003C\/span\u003E\n                  Non\n                \u003C\/li\u003E\n              \n              \n                                          \u003Cli\u003E\n                  \u003Cspan class=\u0022subsection-label\u0022\u003EPartage de documents m\u00e9dicaux entre professionnels : \u003C\/span\u003E\n                  Oui\n                \u003C\/li\u003E\n              \n              \n                                          \u003Cli\u003E\n                  \u003Cspan class=\u0022subsection-label\u0022\u003ESyst\u00e8me de paiement conforme \u00e0 la norme PCI DSS : \u003C\/span\u003E\n                  Non\n                \u003C\/li\u003E\n              \n              \n                                          \u003Cli\u003E\n                  \u003Cspan class=\u0022subsection-label\u0022\u003ET\u00e9l\u00e9transmission \u00e0 l\u0026#039;Assurance Maladie : \u003C\/span\u003E\n                  Non\n                \u003C\/li\u003E\n              \n              \n                                          \u003Cli\u003E\n                  \u003Cspan class=\u0022subsection-label\u0022\u003EPartage de documents m\u00e9dicaux du soignant au patient : \u003C\/span\u003E\n                  Oui\n                \u003C\/li\u003E\n              \n              \n                                          \u003Cli\u003E\n                  \u003Cspan class=\u0022subsection-label\u0022\u003EPartage de documents m\u00e9dicaux du patient au soignant : \u003C\/span\u003E\n                  Oui\n                \u003C\/li\u003E\n              \n              \n                                          \u003Cli\u003E\n                  \u003Cspan class=\u0022subsection-label\u0022\u003EPrise de rendez-vous avec un soignant : \u003C\/span\u003E\n                  Non\n                \u003C\/li\u003E\n              \n              \n                                          \u003Cli\u003E\n                  \u003Cspan class=\u0022subsection-label\u0022\u003EPrise de rendez-vous entre soignants : \u003C\/span\u003E\n                  Non\n                \u003C\/li\u003E\n              \n              \n                      \u003C\/ul\u003E\n        \u003C\/li\u003E\n              \u003Cli\u003E\n          \u003Ch3 class=\u0022section-title\u0022\u003E5. Contact\u003C\/h3\u003E\n          \u003Cul class=\u0022resetul subsection\u0022\u003E\n                                          \u003Cli\u003E\n                  \u003Cspan class=\u0022subsection-label\u0022\u003ENom : \u003C\/span\u003E\n                  GENDRAULT\n                \u003C\/li\u003E\n              \n              \n                                          \u003Cli\u003E\n                  \u003Cspan class=\u0022subsection-label\u0022\u003EPr\u00e9nom : \u003C\/span\u003E\n                  Sophie\n                \u003C\/li\u003E\n              \n              \n                                          \u003Cli\u003E\n                  \u003Cspan class=\u0022subsection-label\u0022\u003EFonction : \u003C\/span\u003E\n                  Fondatrice - Directrice G\u00e9n\u00e9rale\n                \u003C\/li\u003E\n              \n              \n                                          \u003Cli\u003E\n                  \u003Cspan class=\u0022subsection-label\u0022\u003EAdresse email : \u003C\/span\u003E\n                  sophie.gendrault@moveinmed.com\n                \u003C\/li\u003E\n              \n              \n                                          \u003Cli\u003E\n                  \u003Cspan class=\u0022subsection-label\u0022\u003ET\u00e9l\u00e9phone : \u003C\/span\u003E\n                  0607103147\n                \u003C\/li\u003E\n              \n              \n                      \u003C\/ul\u003E\n        \u003C\/li\u003E\n          \u003C\/ol\u003E\n  \u003C\/div\u003E\n\u003C\/article\u003E\n\u003C\/div\u003E","settings":null}]