[{"command":"insert","method":"replaceWith","selector":"#popin_iframe_covid","data":"\u003Cdiv id=\u0022popin_iframe_covid\u0022 class=\u0022popin-iframe-appli-covid\u0022\u003E\n\u003Carticle class=\u0022appli-covid-detail\u0022\u003E\n  \u003Cdiv class=\u0022bg-green3 wrapper-back\u0022\u003E\n    \u003Cbutton type=\u0022button\u0022 class=\u0022btn-back\u0022 id=\u0022btn-back-appli-covid\u0022\u003E\u003Ci class=\u0022icon-arrow\u0022\u003E\u003C\/i\u003E\u003Cspan class=\u0022sr-only\u0022\u003EFerm\u00e9\u003C\/span\u003E\u003C\/button\u003E\n  \u003C\/div\u003E\n  \u003Cdiv class=\u0022appli-covid-header\u0022\u003E\n    \u003Cdiv class=\u0022wrapper-img\u0022\u003E\n              \n            \u003Cdiv\u003E  \u003Cdiv\u003E\n      \n    \n  \u003Cdiv\u003E\n    \u003Cdiv class=\u0022visually-hidden\u0022\u003EImage\u003C\/div\u003E\n              \u003Cdiv\u003E  \u003Cimg src=\u0022\/sites\/default\/files\/assets\/images\/_logodefaut_78_0.gif\u0022 width=\u0022500\u0022 height=\u0022500\u0022 alt=\u0022\u0022 loading=\u0022lazy\u0022 \/\u003E\n\n\u003C\/div\u003E\n          \u003C\/div\u003E\n\n  \u003C\/div\u003E\n\u003C\/div\u003E\n      \n          \u003C\/div\u003E\n    \u003Cdiv class=\u0022content-txt\u0022\u003E\n      \u003Ch2 class=\u0022appli-covid-title\u0022\u003EMa Pharmacie LEO\u003C\/h2\u003E\n      \u003Cdiv class=\u0022desc\u0022\u003E\n        \n            \u003Cdiv\u003E\u003Cp\u003EPharmaciens d\u0027officine, Fournisseurs de DM : mettez \u00e0 disposition de vos patients, infirmi\u00e8res, ephad un site Internet de d\u00e9p\u00f4t d\u0027ordonnances.\u003Cbr\u003E\u003Cbr \/\u003E\nEn am\u00e9liorant le triage, en pr\u00e9parant en amont les d\u00e9livrances et limitant la venue de vos patients vuln\u00e9rables, vous r\u00e9duisez les sorties pour motif m\u00e9dical, contribuez au\u0026nbsp;\u003Cbr\u003E\u003Cbr \/\u003E\n#RestezChezVous et prot\u00e9gez votre \u00e9quipe.\u003C\/p\u003E\n\u003C\/div\u003E\n      \n      \u003C\/div\u003E\n      \u003Cul class=\u0022resetul\u0022\u003E\n        \u003Cli\u003E\n          \u003Cspan class=\u0022section-label\u0022\u003EEditeur : \u003C\/span\u003E\n          ASTERA\n        \u003C\/li\u003E\n        \u003Cli\u003E\n          \u003Cspan class=\u0022section-label\u0022\u003EType de structure : \u003C\/span\u003E\n          \n            \u003Cdiv\u003EEntreprise\u003C\/div\u003E\n      \n        \u003C\/li\u003E\n        \u003Cli\u003E\n          \u003Ca href=\u0022https:\/\/mapharmacieleo.astera.coop\u0022 target=\u0022_blank\u0022 class=\u0022link\u0022\u003ESite internet\u003C\/a\u003E\n        \u003C\/li\u003E\n      \u003C\/ul\u003E\n    \u003C\/div\u003E\n  \u003C\/div\u003E\n  \u003Cdiv class=\u0022appli-covid-content\u0022\u003E\n    \u003Col class=\u0022resetul section\u0022\u003E\n              \u003Cli\u003E\n          \u003Ch3 class=\u0022section-title\u0022\u003E1. Caract\u00e9ristiques\u003C\/h3\u003E\n          \u003Cul class=\u0022resetul subsection\u0022\u003E\n                                          \u003Cli\u003E\n                  \u003Cspan class=\u0022subsection-label\u0022\u003ECat\u00e9gorie(s) : \u003C\/span\u003E\n                  Aide \u00e0 l\u2019orientation \u00e0 destination de grand public (\u00ab triage \u00bb)\n                \u003C\/li\u003E\n              \n              \n                                          \u003Cli\u003E\n                  \u003Cspan class=\u0022subsection-label\u0022\u003EImplantation : \u003C\/span\u003E\n                  Auvergne-Rh\u00f4nes-Alpes ; Bourgogne-Franche-Comt\u00e9 ; Bretagne ; Centre-Val-de-Loire ; Corse ; Grand Est ; Hauts-de-France ; \u00cele-de-France ; Martinique ; Normandie ; Nouvelle-Aquitaine ; Occitanie ; Pays de la Loire ; Provence-Alpes-C\u00f4te d\u0027Azur\n                \u003C\/li\u003E\n              \n              \n                                          \u003Cli\u003E\n                  \u003Cspan class=\u0022subsection-label\u0022\u003EApplication r\u00e9f\u00e9renc\u00e9e dans le cadre d\u0026#039;un programme public : \u003C\/span\u003E\n                  Non applicable\n                \u003C\/li\u003E\n              \n              \n                                          \u003Cli\u003E\n                  \u003Cspan class=\u0022subsection-label\u0022\u003EMod\u00e8le \u00e9conomique : \u003C\/span\u003E\n                  Aucun\n                \u003C\/li\u003E\n              \n              \n                      \u003C\/ul\u003E\n        \u003C\/li\u003E\n              \u003Cli\u003E\n          \u003Ch3 class=\u0022section-title\u0022\u003E2. Facilit\u00e9 d\u0026#039;installation\u003C\/h3\u003E\n          \u003Cul class=\u0022resetul subsection\u0022\u003E\n                          \n                              \u003Cli\u003E\n                  \u003Cspan class=\u0022subsection-label\u0022\u003EGratuit pendant la crise du Covid-19  \u003C\/span\u003E\n                \u003C\/li\u003E\n              \n                          \n                              \u003Cli\u003E\n                  \u003Cspan class=\u0022subsection-label\u0022\u003EGratuit pour les professionnels pendant la crise Covid-19  \u003C\/span\u003E\n                \u003C\/li\u003E\n              \n                                          \u003Cli\u003E\n                  \u003Cspan class=\u0022subsection-label\u0022\u003EService r\u00e9f\u00e9renc\u00e9 \u00e0 une centrale d\u0026#039;achat : \u003C\/span\u003E\n                  Non, en cours\n                \u003C\/li\u003E\n              \n              \n                                          \u003Cli\u003E\n                  \u003Cspan class=\u0022subsection-label\u0022\u003EN\u00e9cessite d\u0026#039;\u00eatre int\u00e9gr\u00e9 au logiciel existant : \u003C\/span\u003E\n                  Non\n                \u003C\/li\u003E\n              \n              \n                                          \u003Cli\u003E\n                  \u003Cspan class=\u0022subsection-label\u0022\u003EService client gratuit et facilement accessible : \u003C\/span\u003E\n                  Oui\n                \u003C\/li\u003E\n              \n              \n                      \u003C\/ul\u003E\n        \u003C\/li\u003E\n              \u003Cli\u003E\n          \u003Ch3 class=\u0022section-title\u0022\u003E3. S\u00e9curisation\u003C\/h3\u003E\n          \u003Cul class=\u0022resetul subsection\u0022\u003E\n                                          \u003Cli\u003E\n                  \u003Cspan class=\u0022subsection-label\u0022\u003ECertification HDS : \u003C\/span\u003E\n                  Oui\n                \u003C\/li\u003E\n              \n              \n                                          \u003Cli\u003E\n                  \u003Cspan class=\u0022subsection-label\u0022\u003EEn termes de responsabilit\u00e9 du traitement de donn\u00e9es \u00e0 caract\u00e8re personnel, agissez vous en tant que sous-traitant, co-traitant ou responsable ? : \u003C\/span\u003E\n                  Oui\n                \u003C\/li\u003E\n              \n              \n                      \u003C\/ul\u003E\n        \u003C\/li\u003E\n              \u003Cli\u003E\n          \u003Ch3 class=\u0022section-title\u0022\u003E4. T\u00e9l\u00e9sant\u00e9\u003C\/h3\u003E\n          \u003Cul class=\u0022resetul subsection\u0022\u003E\n                      \u003C\/ul\u003E\n        \u003C\/li\u003E\n              \u003Cli\u003E\n          \u003Ch3 class=\u0022section-title\u0022\u003E5. Contact\u003C\/h3\u003E\n          \u003Cul class=\u0022resetul subsection\u0022\u003E\n                                          \u003Cli\u003E\n                  \u003Cspan class=\u0022subsection-label\u0022\u003ENom : \u003C\/span\u003E\n                  DERISBOURG\n                \u003C\/li\u003E\n              \n              \n                                          \u003Cli\u003E\n                  \u003Cspan class=\u0022subsection-label\u0022\u003EPr\u00e9nom : \u003C\/span\u003E\n                  David\n                \u003C\/li\u003E\n              \n              \n                                          \u003Cli\u003E\n                  \u003Cspan class=\u0022subsection-label\u0022\u003EFonction : \u003C\/span\u003E\n                  Responsable Marketing\n                \u003C\/li\u003E\n              \n              \n                                          \u003Cli\u003E\n                  \u003Cspan class=\u0022subsection-label\u0022\u003EAdresse email : \u003C\/span\u003E\n                  commercial@isipharm.fr\n                \u003C\/li\u003E\n              \n              \n                                          \u003Cli\u003E\n                  \u003Cspan class=\u0022subsection-label\u0022\u003ET\u00e9l\u00e9phone : \u003C\/span\u003E\n                  0235121919\n                \u003C\/li\u003E\n              \n              \n                      \u003C\/ul\u003E\n        \u003C\/li\u003E\n          \u003C\/ol\u003E\n  \u003C\/div\u003E\n\u003C\/article\u003E\n\u003C\/div\u003E","settings":null}]